[{"@context":"https:\/\/schema.org\/","@type":"Article","@id":"https:\/\/www.klagip.cz\/vousy-jsou-na-udrzbu-narocnejsi-nez-vlasy\/#Article","mainEntityOfPage":"https:\/\/www.klagip.cz\/vousy-jsou-na-udrzbu-narocnejsi-nez-vlasy\/","headline":"Vousy jsou na \u00fadr\u017ebu n\u00e1ro\u010dn\u011bj\u0161\u00ed ne\u017e vlasy","name":"Vousy jsou na \u00fadr\u017ebu n\u00e1ro\u010dn\u011bj\u0161\u00ed ne\u017e vlasy","description":"O vousy se mus\u00ed pe\u010dovat, stejn\u011b jako o vlasy nebo nehty. Pokud je nech\u00e1te r\u016fst bez ladu a skladu, za","datePublished":"2016-09-23","dateModified":"2023-05-05","author":{"@type":"Person","@id":"https:\/\/www.klagip.cz\/author\/#Person","name":"","url":"https:\/\/www.klagip.cz\/author\/","identifier":1,"image":{"@type":"ImageObject","@id":"https:\/\/secure.gravatar.com\/avatar\/86b519ae28c05e7834416117bec12e679aa78b8940db1f26d4a52ad5648f8c3a?s=96&d=mm&r=g","url":"https:\/\/secure.gravatar.com\/avatar\/86b519ae28c05e7834416117bec12e679aa78b8940db1f26d4a52ad5648f8c3a?s=96&d=mm&r=g","height":96,"width":96}},"publisher":{"@type":"Organization","name":"klagip.cz","logo":{"@type":"ImageObject","@id":"\/logo.png","url":"\/logo.png","width":600,"height":60}},"image":{"@type":"ImageObject","@id":"https:\/\/www.klagip.cz\/wp-content\/uploads\/img_a277328_w1756_t1601751945.jpg","url":"https:\/\/www.klagip.cz\/wp-content\/uploads\/img_a277328_w1756_t1601751945.jpg","height":0,"width":0},"url":"https:\/\/www.klagip.cz\/vousy-jsou-na-udrzbu-narocnejsi-nez-vlasy\/","wordCount":454,"articleBody":"O vousy se mus\u00ed pe\u010dovat, stejn\u011b jako o vlasy nebo nehty. Pokud je nech\u00e1te r\u016fst bez ladu a skladu, za p\u00e1r dn\u00ed vypad\u00e1te jako zarostl\u00fd vandr\u00e1k, kter\u00fd sp\u00ed v\u00a0krabici v\u00a0zapadl\u00e9 uli\u010dce. D\u00e1 se \u0159\u00edct, \u017ee vous je jak\u00fdmsi vyj\u00e1d\u0159en\u00edm osobnosti, svobody ale tak\u00e9 postaven\u00ed. Jedn\u00e1 se ov\u0161em tak\u00e9 o z\u00e1vazek.Proto je z\u00e1hodno \u010das od \u010dasu nav\u0161t\u00edvit p\u00e1nsk\u00e9 holi\u010dstv\u00ed, kde se va\u0161im vous\u016fm dostane \u0159\u00e1dn\u00e9ho o\u0161et\u0159en\u00ed.\u010cast\u011bji pe\u010dujeme o vlasy ne\u017e o vousyTo je z\u00e1kladn\u00ed chyba, na kter\u00e9 se odborn\u00edci shoduj\u00ed. Zat\u00edmco vlasy si myj\u00ed a st\u0159\u00edhaj\u00ed a \u010de\u0161ou a staraj\u00ed se o n\u011b, vousy \u010dasto nedostanou p\u00e9\u010di, jakou pot\u0159ebuj\u00ed. A\u0165 u\u017e je to dostate\u010dn\u00e9 myt\u00ed, nebo p\u00e9\u010de o poko\u017eku pod nimi. Existuj\u00ed proto speci\u00e1ln\u00ed m\u00fddla na vousy, kter\u00e1 \u010ce\u0161i objevili a\u017e ned\u00e1vno. Hodn\u011b mu\u017e\u016f si vous v\u016fbec nemyje, a kdy\u017e ano, nemaj\u00ed probl\u00e9m k\u00a0tomu pou\u017e\u00edt b\u011b\u017en\u00e9 m\u00fddlo, kter\u00fdm si myj\u00ed podpa\u017e\u00ed \u2013 co\u017e je z\u00e1kladn\u00ed chyba, jeliko\u017e k\u016f\u017ee pod nimi se t\u00edm vysu\u0161uje.Pou\u017e\u00edvejte \u0161amponK\u00a0hydrataci k\u016f\u017ee ale tak\u00e9 zm\u011bk\u010den\u00ed vousu by se m\u011bl pou\u017e\u00edvat speci\u00e1ln\u00ed hydratuj\u00edc\u00ed \u0161ampon. Vous se nebude tolik l\u00e1mat a nebude tak ostr\u00fd, zjemn\u00ed jej to. Tento \u0161ampon by se m\u011bl pou\u017e\u00edvat t\u0159ikr\u00e1t, ale i \u010dty\u0159ikr\u00e1t do t\u00fddne, aby se struktura vousu zjemnila a nebyla tak l\u00e1mav\u00e1. Nav\u00edc pak budou vousy leskl\u00e9 a zdrav\u011b vypadaj\u00edc\u00ed.Jak postupovat p\u0159i \u010di\u0161t\u011bn\u00ed vousu?\u00b7\u00a0\u00a0\u00a0\u00a0\u00a0\u00a0\u00a0\u00a0 Nejd\u0159\u00edve je t\u0159eba o\u010distit vousy speci\u00e1ln\u00edm m\u00fddlem, kter\u00e9 je k\u00a0tomu ur\u010den\u00e9\u00b7\u00a0\u00a0\u00a0\u00a0\u00a0\u00a0\u00a0\u00a0 po d\u016fkladn\u00e9m umyt\u00ed je t\u0159eba le\u0165 hydratovat a vy\u017eivit balz\u00e1mem nebo olej\u00ed\u010dkem na vousy\u00b7\u00a0\u00a0\u00a0\u00a0\u00a0\u00a0\u00a0\u00a0 pot\u00e9 je t\u0159eba vousy roz\u010desat speci\u00e1ln\u00edm h\u0159eb\u00ednkem, k\u00a0tomu je nejlep\u0161\u00ed kart\u00e1\u010d z\u00a0kan\u010d\u00edch \u0161t\u011btin\u00b7\u00a0\u00a0\u00a0\u00a0\u00a0\u00a0\u00a0\u00a0 pak je t\u0159eba vousy navoskovat tuh\u00fdm nebo tak\u00e9 kr\u00e9mov\u00fdm voskem, kter\u00fd vous\u016fm dod\u00e1 leskuNe v\u0161echno zvl\u00e1dne mu\u017e s\u00e1mSamoz\u0159ejm\u011b \u017ee v\u011bt\u0161inu starosti o vous dok\u00e1\u017eete ve sv\u00e9 koupeln\u011b doma, ale \u010das od \u010dasu byste p\u0159ece jenom m\u011bli zaj\u00edt od p\u00e1nsk\u00e9ho holi\u010dstv\u00ed, kde v\u00e1m o va\u0161e vousy bude n\u011bkolik des\u00edtek minut pe\u010dovat specialista. M\u016f\u017ee va\u0161im vous\u016fm dodat ten spr\u00e1vn\u00fd sest\u0159ih, ale tak\u00e9 v\u00e1m doporu\u010dit, jak se o n\u011b co nejl\u00e9pe starat.                                                                                                                                                                                                                                                                                                                                                                                                "},{"@context":"https:\/\/schema.org\/","@type":"BreadcrumbList","itemListElement":[{"@type":"ListItem","position":1,"name":"Vousy jsou na \u00fadr\u017ebu n\u00e1ro\u010dn\u011bj\u0161\u00ed ne\u017e vlasy","item":"https:\/\/www.klagip.cz\/vousy-jsou-na-udrzbu-narocnejsi-nez-vlasy\/#breadcrumbitem"}]}]