[{"@context":"https:\/\/schema.org\/","@type":"Article","@id":"https:\/\/www.klagip.cz\/schovejte-se-pred-sluncem\/#Article","mainEntityOfPage":"https:\/\/www.klagip.cz\/schovejte-se-pred-sluncem\/","headline":"Schovejte se p\u0159ed sluncem","name":"Schovejte se p\u0159ed sluncem","description":"Kdy\u017e nesv\u00edt\u00ed a je schovan\u00e9 za mraky, jsme rozlad\u011bni. Kdy\u017e sv\u00edt\u00ed a nikde ani mr\u00e1\u010dku, b\u00fdv\u00e1me rozlad\u011bni takt\u00e9\u017e. Jac\u00ed my","datePublished":"2017-04-07","dateModified":"2023-05-05","author":{"@type":"Person","@id":"https:\/\/www.klagip.cz\/author\/#Person","name":"","url":"https:\/\/www.klagip.cz\/author\/","identifier":1,"image":{"@type":"ImageObject","@id":"https:\/\/secure.gravatar.com\/avatar\/86b519ae28c05e7834416117bec12e679aa78b8940db1f26d4a52ad5648f8c3a?s=96&d=mm&r=g","url":"https:\/\/secure.gravatar.com\/avatar\/86b519ae28c05e7834416117bec12e679aa78b8940db1f26d4a52ad5648f8c3a?s=96&d=mm&r=g","height":96,"width":96}},"publisher":{"@type":"Organization","name":"klagip.cz","logo":{"@type":"ImageObject","@id":"\/logo.png","url":"\/logo.png","width":600,"height":60}},"image":{"@type":"ImageObject","@id":"https:\/\/www.klagip.cz\/wp-content\/uploads\/img_a286570_w2080_t1496154067.jpg","url":"https:\/\/www.klagip.cz\/wp-content\/uploads\/img_a286570_w2080_t1496154067.jpg","height":0,"width":0},"url":"https:\/\/www.klagip.cz\/schovejte-se-pred-sluncem\/","about":["Finance"],"wordCount":410,"articleBody":"    Kdy\u017e nesv\u00edt\u00ed a je schovan\u00e9 za mraky, jsme rozlad\u011bni. Kdy\u017e sv\u00edt\u00ed a nikde ani mr\u00e1\u010dku, b\u00fdv\u00e1me rozlad\u011bni takt\u00e9\u017e. Jac\u00ed my jsme to tvorov\u00e9, vi\u010fte? Nic n\u00e1m nen\u00ed dobr\u00e9. P\u0159esto sv\u011btla a tepla, kter\u00e9 n\u00e1m slunce poskytuje, si nesm\u00edrn\u011b v\u00e1\u017e\u00edme. Je \u00fapln\u011b jedno, jestli jste zimn\u00ed, nebo letn\u00ed typ, v\u017edycky se spole\u010dn\u011b t\u011b\u0161\u00edme, a\u017e se zem\u011bkoule ke Slunci p\u0159ibl\u00ed\u017e\u00ed, aby nastalo teplo. Jaro je snad nejkr\u00e1sn\u011bj\u0161\u00edm obdob\u00edm roku. Slune\u010dn\u00ed paprsky vytahuj\u00ed z p\u016fdy zelenou floru a \u010dlov\u011bk se tetel\u00ed blahem. Hor\u0161\u00ed je to v l\u00e9t\u011b. Nadm\u011brn\u011b vysok\u00e9 letn\u00ed teploty dosahuj\u00ed ne\u00fam\u011brn\u00fdch hodnot a \u010dlov\u011bk by se m\u011bl p\u0159ed slune\u010dn\u00edmi paprsky sp\u00ed\u0161 schov\u00e1vat. Zvl\u00e1\u0161t\u011b dnes, kdy vedeme boj s ozonov\u00fdmi d\u00edrami. Jak se ale \u00fa\u010dinn\u011b br\u00e1nit? Na\u0161t\u011bst\u00ed si \u010dlov\u011bk dok\u00e1\u017ee pomoci i proti slune\u010dn\u00edm paprsk\u016fm tak, aby nem\u011bl \u00fajmu na zdrav\u00ed. \u00b7 Opalovac\u00ed kr\u00e9my a spreje s vysok\u00fdm UV faktorem. \u00b7 St\u00ednidla  na teras\u00e1ch, oknech a nade dve\u0159mi. \u00b7 M\u00f3dn\u00ed pokr\u00fdvky hlavy, kter\u00e9 maj\u00ed i praktickou funkci. \u010clov\u011bk se prost\u011b p\u0159izp\u016fsob\u00ed a hned vymysl\u00ed \u00fa\u010dinn\u00e9 prost\u0159edky a p\u0159edm\u011bty. Dok\u00e1\u017eete se letn\u00edmu slunci p\u0159izp\u016fsobit i Vy? No, a Vy jste na letn\u00ed ostr\u00e9 a \u00famorn\u00e9 slune\u010dn\u00ed paprsky p\u0159ipraveni? M\u00e1te opalovac\u00ed kr\u00e9my? St\u00edn\u00edte si \u00fa\u010dinn\u011b na sv\u00fdch zahrad\u00e1ch, v alt\u00e1nech? Jak zabezpe\u010dujete okna proti slunci? V\u00edte, \u017ee mark\u00fdzy dokonale ztlum\u00ed nesnesiteln\u00e9 vedro v bytech, kdy\u017e si je um\u00edst\u00edte nad okna? Vlastn\u00edte hosp\u016fdku, kter\u00e1 m\u00e1 i zahr\u00e1dku, kam se letn\u00ed turist\u00e9 uchyluj\u00ed ob\u010derstvit se? Zp\u0159\u00edjem\u0148ujete jim pobyt u k\u00e1vy, \u010di ledov\u00e9ho \u010daje \u0161ikovn\u011b um\u00edst\u011bnou mark\u00fdzou? Najdou u V\u00e1s turist\u00e9 vyhled\u00e1van\u00fd st\u00edn? M\u00e1te snad obch\u016fdek se zeleninou a ovocem, p\u0159ed n\u00edm\u017e vystavujete \u010derstv\u00e9 plody? Nehodila by se V\u00e1m kvalitn\u00ed mark\u00fdza, kter\u00e1 nenech\u00e1 teplem a p\u0159\u00edm\u00fdm sv\u011btlem zkazit tu n\u00e1dheru? A nav\u00edc tak dob\u0159e vypad\u00e1. Oko z\u00e1kazn\u00edka p\u0159\u00edmo l\u00e1k\u00e1 p\u0159istoupit! Inu, zamyslete se nad t\u00edm, co je\u0161t\u011b m\u016f\u017eete v parn\u00fdch letn\u00edch dnech vylep\u0161it!                                                                                                                                                                                                                                                                                                                                                                                                   "},{"@context":"https:\/\/schema.org\/","@type":"BreadcrumbList","itemListElement":[{"@type":"ListItem","position":1,"name":"Schovejte se p\u0159ed sluncem","item":"https:\/\/www.klagip.cz\/schovejte-se-pred-sluncem\/#breadcrumbitem"}]}]