[{"@context":"https:\/\/schema.org\/","@type":"Article","@id":"https:\/\/www.klagip.cz\/podivejte-se-na-fotografie-dalsich-svateb\/#Article","mainEntityOfPage":"https:\/\/www.klagip.cz\/podivejte-se-na-fotografie-dalsich-svateb\/","headline":"Pod\u00edvejte se na fotografie dal\u0161\u00edch svateb","name":"Pod\u00edvejte se na fotografie dal\u0161\u00edch svateb","description":"Sehnat v dne\u0161n\u00ed dob\u011b fotografa, kter\u00fd um\u00ed vytvo\u0159it velmi p\u011bkn\u00e9 fotografie, rozhodn\u011b nen\u00ed jen tak. Je sice pravda, \u017ee fotograf\u016f","datePublished":"2021-09-02","dateModified":"2023-05-05","author":{"@type":"Person","@id":"https:\/\/www.klagip.cz\/author\/#Person","name":"","url":"https:\/\/www.klagip.cz\/author\/","identifier":1,"image":{"@type":"ImageObject","@id":"https:\/\/secure.gravatar.com\/avatar\/86b519ae28c05e7834416117bec12e679aa78b8940db1f26d4a52ad5648f8c3a?s=96&d=mm&r=g","url":"https:\/\/secure.gravatar.com\/avatar\/86b519ae28c05e7834416117bec12e679aa78b8940db1f26d4a52ad5648f8c3a?s=96&d=mm&r=g","height":96,"width":96}},"publisher":{"@type":"Organization","name":"klagip.cz","logo":{"@type":"ImageObject","@id":"\/logo.png","url":"\/logo.png","width":600,"height":60}},"image":{"@type":"ImageObject","@id":"https:\/\/www.klagip.cz\/wp-content\/uploads\/novoman%C5%BEelsk%C3%BD%20p%C3%A1r_1.PNG","url":"https:\/\/www.klagip.cz\/wp-content\/uploads\/novoman%C5%BEelsk%C3%BD%20p%C3%A1r_1.PNG","height":0,"width":0},"url":"https:\/\/www.klagip.cz\/podivejte-se-na-fotografie-dalsich-svateb\/","about":["Nakupov\u00e1n\u00ed"],"wordCount":385,"articleBody":"   Sehnat v dne\u0161n\u00ed dob\u011b fotografa, kter\u00fd um\u00ed vytvo\u0159it velmi p\u011bkn\u00e9 fotografie, rozhodn\u011b nen\u00ed jen tak. Je sice pravda, \u017ee fotograf\u016f existuje cel\u00e1 \u0159ada, ale ne v\u0161ichni mohou um\u011bt vytvo\u0159it tak p\u011bkn\u00e9 fotografie, jak byste si p\u0159\u00e1li. Pokud zrovna sh\u00e1n\u00edte vhodn\u00e9ho fotografa na svatbu, pak bychom v\u00e1m doporu\u010dili pod\u00edvat se v\u017edy na pr\u00e1ci dan\u00e9ho fotografa. Mo\u017en\u00e1, \u017ee zjist\u00edte, \u017ee dan\u00fd fotograf nevytv\u00e1\u0159\u00ed tak kr\u00e1sn\u00e9 fotky, jak byste si p\u0159\u00e1li. Pokud je ale fotograf, kter\u00fd by v\u00e1m mohl opravdu vytvo\u0159it velmi p\u011bkn\u00e9 fotky, pak je to ten, kter\u00fd se pohybuje v okol\u00ed Ostravy.Pokud byste zav\u00edtali na webov\u00e9 str\u00e1nky dan\u00e9ho fotografa, zjistili byste, \u017ee m\u00e1 ji\u017e za sebou celou \u0159adu svateb. Jestli\u017ee byste m\u011bli z\u00e1jem, ur\u010dit\u011b se nev\u00e1hejte na svatebn\u00ed fotografie, kter\u00e9 tento fotograf nafotil, pod\u00edvat. Sami zjist\u00edte, \u017ee jich skute\u010dn\u011b nen\u00ed m\u00e1lo. Nejlep\u0161\u00ed je na tom v\u0161em to, \u017ee dan\u00fd fotograf p\u0159id\u00e1v\u00e1 neust\u00e1le n\u011bjak\u00e9 fotografie a to pr\u00e1v\u011b svateb. I vy m\u00e1te mo\u017enost pod\u00edvat se na mix dal\u0161\u00edch svateb. V\u011b\u0159\u00edme, \u017ee pokud byste kontaktovali pr\u00e1v\u011b tohoto fotografa, byli byste skute\u010dn\u011b spokojeni. Sami se o n\u011b\u010dem takov\u00e9m m\u016f\u017eete p\u0159esv\u011bd\u010dit.Pokud byste se pro tohoto fotografa rozhodli, pak jej ur\u010dit\u011b nev\u00e1hejte kontaktovat. Zeptejte se, jestli m\u00e1 voln\u00fd term\u00edn v dob\u011b, kdy se bude va\u0161e svatba po\u0159\u00e1dat. Mo\u017en\u00e1, \u017ee voln\u00fd term\u00edn m\u00edt skute\u010dn\u011b bude. Pokud tomu tak bude, pak se s n\u00edm co mo\u017en\u00e1 nejd\u0159\u00edve domluvte, proto\u017ee jist\u011b nebudete jedin\u00ed, kte\u0159\u00ed budou m\u00edt v dan\u00fd den svatbu a budou p\u0159em\u00fd\u0161let o tom, \u017ee by pr\u00e1v\u011b tohoto fotografa kontaktovali. \u010c\u00edm d\u0159\u00edve se tedy domluv\u00edte, t\u00edm rozhodn\u011b l\u00e9pe. Budete tak m\u00edt jistotu, \u017ee si na v\u00e1s fotograf najde \u010das a nafot\u00ed cel\u00fd v\u00e1\u0161 svatebn\u00ed den.Nev\u00e1hejte a kontaktujte i vy tohoto fotografa, proto\u017ee v\u011b\u0159\u00edme, \u017ee s n\u00edm budete v\u00edce ne\u017e spokojeni. Vyu\u017eijte toho, \u017ee \u0161ikovn\u00ed fotografov\u00e9 je\u0161t\u011b st\u00e1le existuj\u00ed a jsou zde pro v\u00e1s.                                                                                                                                                                                                                                                                                                                                                                                                 "},{"@context":"https:\/\/schema.org\/","@type":"BreadcrumbList","itemListElement":[{"@type":"ListItem","position":1,"name":"Pod\u00edvejte se na fotografie dal\u0161\u00edch svateb","item":"https:\/\/www.klagip.cz\/podivejte-se-na-fotografie-dalsich-svateb\/#breadcrumbitem"}]}]